{"id":1701,"date":"2017-01-28T14:00:06","date_gmt":"2017-01-28T13:00:06","guid":{"rendered":"http:\/\/feuerwehr-holdorf.de\/?p=1701"},"modified":"2017-01-27T23:15:16","modified_gmt":"2017-01-27T22:15:16","slug":"gemeinsame-generalversammlung-2017","status":"publish","type":"post","link":"https:\/\/feuerwehr-holdorf.de\/?p=1701","title":{"rendered":"Gemeinsame Generalversammlung 2017"},"content":{"rendered":"<p style=\"text-align: center;\">Bei der diesj\u00e4hrigen gemeinsamen Generalversammlung der Feuerwehren Holdorf und Fladderlohausen konnte Gemeindebrandmeister (GBM) Norbert Nobbe den B\u00fcrgermeister der Gemeinde Holdorf Dr. Wolfgang Krug begr\u00fc\u00dfen. Ebenso freute er sich \u00fcber die zahlreiche Teilnahme der Altersabteilungen beider Wehren.<\/p>\n<p style=\"text-align: center;\">Norbert Nobbe nannte am Anfang seines Jahresberichtes die aktuellen Mitgliederst\u00e4nde. Die Feuerwehr Holdorf z\u00e4hlt aktuell 49 aktive Mitglieder, die Feuerwehr Fladderlohausen 32 Mitglieder. Die Altersabteilungen z\u00e4hlen 13 Kameraden in Holdorf bzw. 12 Kameraden in Fladderlohausen. Er freute sich besonders \u00fcber die starke Mitgliederzahl in der Jugendfeuerwehr. 25 M\u00e4dchen und Jungen werden von den Jugendfeuerwehrwarten und Betreuern ausgebildet. Ihnen sprach GBM Nobbe einen besonderen Dank f\u00fcr ihre Arbeit aus. Des Weiteren begl\u00fcckw\u00fcnschte er auf diesem Wege nochmals den neun Jugendfeuerwehrmitgliedern zum Erreichen der Leistungsspange.<\/p>\n<p style=\"text-align: center;\">Die Feuerwehren Holdorf und Fladderlohausen kommen im Jahr 2016 insgesamt auf 6372 Einsatz- und Dienststunden. Besonders lobte Norbert Nobbe die Initiative beider Wehren zur gemeinsamen Atemschutzausbildung. &#8222;Bei gemeinsamen Brandeins\u00e4tzen ist somit eine noch bessere Zusammenarbeit gew\u00e4hrleistet&#8220;, so Nobbe. Im vergangenen Jahr gab es allerdings gl\u00fccklicherweise im Gemeindegebiet Holdorf keine gro\u00dfen Schadenslagen. Erw\u00e4hnenswert war jedoch der Einsatz am Ostermontag bei Wiesenhof in Lohne, bei dem beide Wehren ebenfalls eingesetzt waren.<\/p>\n<p style=\"text-align: center;\"><img loading=\"lazy\" decoding=\"async\" class=\"aligncenter size-full wp-image-1703\" src=\"http:\/\/feuerwehr-holdorf.de\/wp-content\/uploads\/2017\/01\/Generalversammlung_alle_FF-Holdorf-und-Fladderlohausen_1000px.jpg\" alt=\"\" width=\"1000\" height=\"466\" srcset=\"https:\/\/feuerwehr-holdorf.de\/wp-content\/uploads\/2017\/01\/Generalversammlung_alle_FF-Holdorf-und-Fladderlohausen_1000px.jpg 1000w, https:\/\/feuerwehr-holdorf.de\/wp-content\/uploads\/2017\/01\/Generalversammlung_alle_FF-Holdorf-und-Fladderlohausen_1000px-300x140.jpg 300w, https:\/\/feuerwehr-holdorf.de\/wp-content\/uploads\/2017\/01\/Generalversammlung_alle_FF-Holdorf-und-Fladderlohausen_1000px-768x358.jpg 768w, https:\/\/feuerwehr-holdorf.de\/wp-content\/uploads\/2017\/01\/Generalversammlung_alle_FF-Holdorf-und-Fladderlohausen_1000px-975x454.jpg 975w, https:\/\/feuerwehr-holdorf.de\/wp-content\/uploads\/2017\/01\/Generalversammlung_alle_FF-Holdorf-und-Fladderlohausen_1000px-750x350.jpg 750w, https:\/\/feuerwehr-holdorf.de\/wp-content\/uploads\/2017\/01\/Generalversammlung_alle_FF-Holdorf-und-Fladderlohausen_1000px-642x300.jpg 642w\" sizes=\"auto, (max-width: 1000px) 100vw, 1000px\" \/><\/p>\n<p style=\"text-align: center;\">Norbert Nobbe bedankte sich anschlie\u00dfend bei B\u00fcrgermeister Dr. Wolfgang Krug und der Gemeinde Holdorf f\u00fcr die tolle Unterst\u00fctzung und reibungslose Zusammenarbeit. Au\u00dferdem dankte er den F\u00f6rdervereinen, die die Feuerwehren ebenfalls tatkr\u00e4ftig unterst\u00fctzen.<\/p>\n<p style=\"text-align: center;\">Im Jahr 2016 wurden insgesamt 20 Lehrg\u00e4nge besucht. Norbert Nobbe konnte daher zahlreiche Mitglieder bef\u00f6rdern. Zu Oberfeuerwehrm\u00e4nnern wurden Felix Heil, Marcel Schulze sowie Jens Wolters bef\u00f6rdert. Hauptfeuerwehrm\u00e4nner sind von nun an Manuel B\u00fcnnemeyer, Gerhard Exeriede sowie Ulrich Otte. Verpflichtet (und somit nun Feuerwehrm\u00e4nner bzw. -frauen) sind von nun an Timo Sch\u00e4fer, Benedikt gr. Schlarmann, Jessica Remme sowie Jana Pfeiffer. Karl Seep wurde anschlie\u00dfend f\u00fcr 25j\u00e4hrige Mitgliedschaft in der freiw. Feuerwehr Fladderlohausen geehrt. Ortsbrandmeister Klaus Meyer dankte ihm f\u00fcr den unerm\u00fcdlichen Einsatz f\u00fcr die Feuerwehr. &#8222;Wenn irgendwo Hilfe gebraucht wird, bist du sofort zur Stelle&#8220;, lobte Meyer.<\/p>\n<p style=\"text-align: center;\">Abschlie\u00dfend \u00fcberbrachte B\u00fcrgermeister Dr. Krug die besten Gr\u00fc\u00dfe von Rat und Verwaltung. Er dankte den Feuerwehrm\u00e4nnern und Feuerwehrfrauen f\u00fcr die ehrenamtliche Arbeit, die oft viel Zeit in Anspruch nimmt. Er sprach zudem die Investition im Gewerbegebiet an, wo unter den Bahnschienen feste Leitungen zur L\u00f6schwasserversorgung gebaut werden. Au\u00dferdem informierte er \u00fcber das Thema &#8222;Neubau des Feuerwehrhauses&#8220; in Holdorf, welches sp\u00e4testens im Jahre 2020 am Lagerweg stehen soll. Er w\u00fcnschte den Kameraden und Kameradinnen ein ruhiges und relativ einsatzfreies Jahr 2017. Gemeindebrandmeister Norbert Nobbe beendete kurz darauf die Generalversammlung.<\/p>\n","protected":false},"excerpt":{"rendered":"<p>Bei der diesj\u00e4hrigen gemeinsamen Generalversammlung der Feuerwehren Holdorf und Fladderlohausen konnte Gemeindebrandmeister (GBM) Norbert Nobbe den B\u00fcrgermeister der Gemeinde Holdorf Dr. Wolfgang Krug begr\u00fc\u00dfen. Ebenso freute er sich \u00fcber die zahlreiche Teilnahme der Altersabteilungen beider Wehren. Norbert Nobbe nannte am<\/p>\n","protected":false},"author":2,"featured_media":1703,"comment_status":"closed","ping_status":"closed","sticky":false,"template":"","format":"standard","meta":{"ngg_post_thumbnail":0,"footnotes":""},"categories":[1],"tags":[],"class_list":["post-1701","post","type-post","status-publish","format-standard","has-post-thumbnail","hentry","category-news"],"_links":{"self":[{"href":"https:\/\/feuerwehr-holdorf.de\/index.php?rest_route=\/wp\/v2\/posts\/1701","targetHints":{"allow":["GET"]}}],"collection":[{"href":"https:\/\/feuerwehr-holdorf.de\/index.php?rest_route=\/wp\/v2\/posts"}],"about":[{"href":"https:\/\/feuerwehr-holdorf.de\/index.php?rest_route=\/wp\/v2\/types\/post"}],"author":[{"embeddable":true,"href":"https:\/\/feuerwehr-holdorf.de\/index.php?rest_route=\/wp\/v2\/users\/2"}],"replies":[{"embeddable":true,"href":"https:\/\/feuerwehr-holdorf.de\/index.php?rest_route=%2Fwp%2Fv2%2Fcomments&post=1701"}],"version-history":[{"count":1,"href":"https:\/\/feuerwehr-holdorf.de\/index.php?rest_route=\/wp\/v2\/posts\/1701\/revisions"}],"predecessor-version":[{"id":1704,"href":"https:\/\/feuerwehr-holdorf.de\/index.php?rest_route=\/wp\/v2\/posts\/1701\/revisions\/1704"}],"wp:featuredmedia":[{"embeddable":true,"href":"https:\/\/feuerwehr-holdorf.de\/index.php?rest_route=\/wp\/v2\/media\/1703"}],"wp:attachment":[{"href":"https:\/\/feuerwehr-holdorf.de\/index.php?rest_route=%2Fwp%2Fv2%2Fmedia&parent=1701"}],"wp:term":[{"taxonomy":"category","embeddable":true,"href":"https:\/\/feuerwehr-holdorf.de\/index.php?rest_route=%2Fwp%2Fv2%2Fcategories&post=1701"},{"taxonomy":"post_tag","embeddable":true,"href":"https:\/\/feuerwehr-holdorf.de\/index.php?rest_route=%2Fwp%2Fv2%2Ftags&post=1701"}],"curies":[{"name":"wp","href":"https:\/\/api.w.org\/{rel}","templated":true}]}}