{"id":3548,"date":"2019-07-02T16:18:18","date_gmt":"2019-07-02T14:18:18","guid":{"rendered":"https:\/\/feuerwehr-holdorf.de\/?p=3548"},"modified":"2019-07-02T16:26:25","modified_gmt":"2019-07-02T14:26:25","slug":"pkw-brand-a1-02-07-19","status":"publish","type":"post","link":"https:\/\/feuerwehr-holdorf.de\/?p=3548","title":{"rendered":"PKW-Brand A1 \/ 02.07.19"},"content":{"rendered":"\n<p>Am 02.07.2019 wurde die Feuerwehr Holdorf zu einem Brandeinsatz gerufen. Kurz vor der Anschlussstelle Neuenkirchen-V\u00f6rden in Fahrtrichtung Osnabr\u00fcck war aus bislang ungekl\u00e4rter Ursache gegen 09:50 Uhr ein PKW in Brand geraten.<\/p>\n<p>Der Fahrer bemerkte den Brand und lenkte das Fahrzeug auf den Parkplatz (KM 198,00). Der PKW stand bereits nach kurzer Zeit in Vollbrand. Durch die Strahlungsw\u00e4rme geriet angrenzende Graslandschaft ebenfalls in Brand. Die Kameraden der Feuerwehr Holdorf, die mit drei Einsatzfahrzeugen vor Ort waren, konnten alle Br\u00e4nde z\u00fcgig abl\u00f6schen, sodass sich das Feuer nicht weiter ausbreitete. Nach gut einer Stunde konnte an die Leitstelle &#8222;Feuer aus&#8220; gemeldet werden.<\/p>\nngg_shortcode_0_placeholder\n","protected":false},"excerpt":{"rendered":"<p>Am 02.07.2019 wurde die Feuerwehr Holdorf zu einem Brandeinsatz gerufen. Kurz vor der Anschlussstelle Neuenkirchen-V\u00f6rden in Fahrtrichtung Osnabr\u00fcck war aus bislang ungekl\u00e4rter Ursache gegen 09:50 Uhr ein PKW in Brand geraten. Der Fahrer bemerkte den Brand und lenkte das Fahrzeug<\/p>\n","protected":false},"author":2,"featured_media":3556,"comment_status":"closed","ping_status":"closed","sticky":false,"template":"","format":"standard","meta":{"ngg_post_thumbnail":0,"footnotes":""},"categories":[52],"tags":[],"class_list":["post-3548","post","type-post","status-publish","format-standard","has-post-thumbnail","hentry","category-einsaetze"],"_links":{"self":[{"href":"https:\/\/feuerwehr-holdorf.de\/index.php?rest_route=\/wp\/v2\/posts\/3548","targetHints":{"allow":["GET"]}}],"collection":[{"href":"https:\/\/feuerwehr-holdorf.de\/index.php?rest_route=\/wp\/v2\/posts"}],"about":[{"href":"https:\/\/feuerwehr-holdorf.de\/index.php?rest_route=\/wp\/v2\/types\/post"}],"author":[{"embeddable":true,"href":"https:\/\/feuerwehr-holdorf.de\/index.php?rest_route=\/wp\/v2\/users\/2"}],"replies":[{"embeddable":true,"href":"https:\/\/feuerwehr-holdorf.de\/index.php?rest_route=%2Fwp%2Fv2%2Fcomments&post=3548"}],"version-history":[{"count":3,"href":"https:\/\/feuerwehr-holdorf.de\/index.php?rest_route=\/wp\/v2\/posts\/3548\/revisions"}],"predecessor-version":[{"id":3559,"href":"https:\/\/feuerwehr-holdorf.de\/index.php?rest_route=\/wp\/v2\/posts\/3548\/revisions\/3559"}],"wp:featuredmedia":[{"embeddable":true,"href":"https:\/\/feuerwehr-holdorf.de\/index.php?rest_route=\/wp\/v2\/media\/3556"}],"wp:attachment":[{"href":"https:\/\/feuerwehr-holdorf.de\/index.php?rest_route=%2Fwp%2Fv2%2Fmedia&parent=3548"}],"wp:term":[{"taxonomy":"category","embeddable":true,"href":"https:\/\/feuerwehr-holdorf.de\/index.php?rest_route=%2Fwp%2Fv2%2Fcategories&post=3548"},{"taxonomy":"post_tag","embeddable":true,"href":"https:\/\/feuerwehr-holdorf.de\/index.php?rest_route=%2Fwp%2Fv2%2Ftags&post=3548"}],"curies":[{"name":"wp","href":"https:\/\/api.w.org\/{rel}","templated":true}]}}