{"id":3564,"date":"2019-07-03T18:33:48","date_gmt":"2019-07-03T16:33:48","guid":{"rendered":"https:\/\/feuerwehr-holdorf.de\/?p=3564"},"modified":"2019-07-10T13:19:02","modified_gmt":"2019-07-10T11:19:02","slug":"vu-mit-flaechenbrand-gehrde-03-07-2019","status":"publish","type":"post","link":"https:\/\/feuerwehr-holdorf.de\/?p=3564","title":{"rendered":"VU mit Fl\u00e4chenbrand (Gehrde) \/ 03.07.2019"},"content":{"rendered":"\n<p>Zu einem Gro\u00dfeinsatz wurden zahlreiche Feuerwehren sowie Rettungskr\u00e4fte aus den Landkreisen Osnabr\u00fcck und Vechta am 03.07.2019 gegen 13:50 Uhr gerufen. Auf der B214 zwischen Holdorf und Gehrde war aus bislang ungekl\u00e4rter Ursache ein Fahrer mit seinem VW Passat frontal mit einem mit Sand beladenen LKW zusammengesto\u00dfen. Der PKW-Fahrer zog sich dabei so schwere Verletzungen zu, dass er trotz schneller Hilfe an der Unfallstelle verstarb. Der LKW-Fahrer wurde schwer verletzt.<\/p>\n<p>Zudem kippte der LKW beim Zusammenprall um und fing Feuer. Dieses Feuer sorgte daf\u00fcr, dass ein direkt angrenzendes Feld auf einer Fl\u00e4che von ca. 12 Hektar ebenfalls anfing zu brennen. Mit einem massiven Aufgebot und enormen Wassereinsatz wurde das Feuer bek\u00e4mpft. Ein direkt an das Feld angrenzende Wohnhaus konnte dank des schnellen Eingreifens gehalten und gesichert werden.<\/p>\n<p><img loading=\"lazy\" decoding=\"async\" class=\"aligncenter size-large wp-image-3565\" src=\"https:\/\/feuerwehr-holdorf.de\/wp-content\/uploads\/2019\/07\/VU_Brand_01_1000px-975x474.jpg\" alt=\"\" width=\"750\" height=\"365\" srcset=\"https:\/\/feuerwehr-holdorf.de\/wp-content\/uploads\/2019\/07\/VU_Brand_01_1000px-975x474.jpg 975w, https:\/\/feuerwehr-holdorf.de\/wp-content\/uploads\/2019\/07\/VU_Brand_01_1000px-300x146.jpg 300w, https:\/\/feuerwehr-holdorf.de\/wp-content\/uploads\/2019\/07\/VU_Brand_01_1000px-768x373.jpg 768w, https:\/\/feuerwehr-holdorf.de\/wp-content\/uploads\/2019\/07\/VU_Brand_01_1000px.jpg 1000w\" sizes=\"auto, (max-width: 750px) 100vw, 750px\" \/><\/p>\n<p>Im Einsatz waren aus dem Landkreis Vechta die Feuerwehren Holdorf, Fladderlohausen, Dinklage, Steinfeld, Damme und S\u00fcdlohne. Aus dem Landkreis Osnabr\u00fcck waren die Feuerwehren aus Gehrde, Ankum, Talge, Bersenbr\u00fcck, Badbergen, Wehdel, Gr\u00f6nloh und Quakenbr\u00fcck im Einsatz. Zudem waren mehrere Rettungswagen, Not\u00e4rzte und Polizeikr\u00e4fte am Einsatzort.<\/p>\n<p>Weitere Infos und Bilder: <a href=\"https:\/\/www.nwm-tv.de\/news\/news-anzeigen\/?news_id=12811\" target=\"_blank\" rel=\"noopener noreferrer\">NWM-TV<\/a><\/p>\n<p>Weitere Beitr\u00e4ge zudem unter folgenden Links: <a href=\"https:\/\/www.rtl.de\/cms\/horror-unfall-auf-der-b214-bei-osnabrueck-mann-wird-im-auto-eingeklemmt-und-stirbt-4365776.html\" target=\"_blank\" rel=\"noopener noreferrer\">RTL<\/a>, <a href=\"https:\/\/www.ndr.de\/nachrichten\/niedersachsen\/osnabrueck_emsland\/Unfall-33-Jaehriger-nahe-Gehrde-toedlich-verletzt,aktuellosnabrueck2216.html\" target=\"_blank\" rel=\"noopener noreferrer\">NDR<\/a><\/p>\n","protected":false},"excerpt":{"rendered":"<p>Zu einem Gro\u00dfeinsatz wurden zahlreiche Feuerwehren sowie Rettungskr\u00e4fte aus den Landkreisen Osnabr\u00fcck und Vechta am 03.07.2019 gegen 13:50 Uhr gerufen. Auf der B214 zwischen Holdorf und Gehrde war aus bislang ungekl\u00e4rter Ursache ein Fahrer mit seinem VW Passat frontal mit<\/p>\n","protected":false},"author":2,"featured_media":3565,"comment_status":"closed","ping_status":"closed","sticky":false,"template":"","format":"standard","meta":{"ngg_post_thumbnail":0,"footnotes":""},"categories":[52],"tags":[],"class_list":["post-3564","post","type-post","status-publish","format-standard","has-post-thumbnail","hentry","category-einsaetze"],"_links":{"self":[{"href":"https:\/\/feuerwehr-holdorf.de\/index.php?rest_route=\/wp\/v2\/posts\/3564","targetHints":{"allow":["GET"]}}],"collection":[{"href":"https:\/\/feuerwehr-holdorf.de\/index.php?rest_route=\/wp\/v2\/posts"}],"about":[{"href":"https:\/\/feuerwehr-holdorf.de\/index.php?rest_route=\/wp\/v2\/types\/post"}],"author":[{"embeddable":true,"href":"https:\/\/feuerwehr-holdorf.de\/index.php?rest_route=\/wp\/v2\/users\/2"}],"replies":[{"embeddable":true,"href":"https:\/\/feuerwehr-holdorf.de\/index.php?rest_route=%2Fwp%2Fv2%2Fcomments&post=3564"}],"version-history":[{"count":4,"href":"https:\/\/feuerwehr-holdorf.de\/index.php?rest_route=\/wp\/v2\/posts\/3564\/revisions"}],"predecessor-version":[{"id":3579,"href":"https:\/\/feuerwehr-holdorf.de\/index.php?rest_route=\/wp\/v2\/posts\/3564\/revisions\/3579"}],"wp:featuredmedia":[{"embeddable":true,"href":"https:\/\/feuerwehr-holdorf.de\/index.php?rest_route=\/wp\/v2\/media\/3565"}],"wp:attachment":[{"href":"https:\/\/feuerwehr-holdorf.de\/index.php?rest_route=%2Fwp%2Fv2%2Fmedia&parent=3564"}],"wp:term":[{"taxonomy":"category","embeddable":true,"href":"https:\/\/feuerwehr-holdorf.de\/index.php?rest_route=%2Fwp%2Fv2%2Fcategories&post=3564"},{"taxonomy":"post_tag","embeddable":true,"href":"https:\/\/feuerwehr-holdorf.de\/index.php?rest_route=%2Fwp%2Fv2%2Ftags&post=3564"}],"curies":[{"name":"wp","href":"https:\/\/api.w.org\/{rel}","templated":true}]}}