{"id":3732,"date":"2019-07-26T22:03:23","date_gmt":"2019-07-26T20:03:23","guid":{"rendered":"https:\/\/feuerwehr-holdorf.de\/?p=3732"},"modified":"2019-07-26T22:11:27","modified_gmt":"2019-07-26T20:11:27","slug":"flaechenbrand-neuenkirchen-26-07-19","status":"publish","type":"post","link":"https:\/\/feuerwehr-holdorf.de\/?p=3732","title":{"rendered":"Fl\u00e4chenbrand Neuenkirchen \/ 26.07.2019"},"content":{"rendered":"\n<p>Am 26.07.2019 wurden die Feuerwehren Holdorf und Fladderlohausen gegen 14:09 Uhr zur nachbarschaftlichen L\u00f6schhilfe nach Neuenkirchen gerufen. Dort war ein Feld in Brand geraten. Durch den Wind drohte das Feuer auf angrenzende G\u00e4rten und Wohnh\u00e4user \u00fcberzugreifen, weshalb der Einsatzleiter der FF Neuenkirchen umgehend Gro\u00dfalarm ausl\u00f6ste.<\/p>\n<p>Mit zahlreichen L\u00f6schfahrzeugen und Treckern mit G\u00fcllef\u00e4ssern wurde das Feuer bek\u00e4mpft und um haaresbreite vor den Wohnh\u00e4usern gestoppt. Insgesamt waren ca. 185 Einsatzkr\u00e4fte im Einsatz.<\/p>\n<p>Neben den Feuerwehren Holdorf und Fladderlohausen waren in Neuenkirchen die Feuerwehren V\u00f6rden, Steinfeld, Dinklage, Brockdorf und Borringhausen im Einsatz. Au\u00dferdem war die Drohnengruppe des Landkreises Vechta, der stv. Kreisbrandmeister, die Mulde der FTZ Vechta, die Polizei sowie zwei Rettungswagen der Malteser vor Ort. Aus dem Landkreis Osnabr\u00fcck waren zudem die Feuerwehren Rieste und Gehrde an der Einsatzstelle. Gegen 16:15 Uhr konnten die Kameraden dann die Heimreise antreten.<\/p>\n<p>Weitere Infos und Bilder zudem auf der Seite von <a href=\"https:\/\/www.nwm-tv.de\/news\/news-anzeigen\/?news_id=12906\" target=\"_blank\" rel=\"noopener noreferrer\">NWM-TV (klicken)<\/a>.<\/p>\nngg_shortcode_0_placeholder\n","protected":false},"excerpt":{"rendered":"<p>Am 26.07.2019 wurden die Feuerwehren Holdorf und Fladderlohausen gegen 14:09 Uhr zur nachbarschaftlichen L\u00f6schhilfe nach Neuenkirchen gerufen. Dort war ein Feld in Brand geraten. Durch den Wind drohte das Feuer auf angrenzende G\u00e4rten und Wohnh\u00e4user \u00fcberzugreifen, weshalb der Einsatzleiter der<\/p>\n","protected":false},"author":2,"featured_media":3733,"comment_status":"closed","ping_status":"closed","sticky":false,"template":"","format":"standard","meta":{"ngg_post_thumbnail":0,"footnotes":""},"categories":[52],"tags":[],"class_list":["post-3732","post","type-post","status-publish","format-standard","has-post-thumbnail","hentry","category-einsaetze"],"_links":{"self":[{"href":"https:\/\/feuerwehr-holdorf.de\/index.php?rest_route=\/wp\/v2\/posts\/3732","targetHints":{"allow":["GET"]}}],"collection":[{"href":"https:\/\/feuerwehr-holdorf.de\/index.php?rest_route=\/wp\/v2\/posts"}],"about":[{"href":"https:\/\/feuerwehr-holdorf.de\/index.php?rest_route=\/wp\/v2\/types\/post"}],"author":[{"embeddable":true,"href":"https:\/\/feuerwehr-holdorf.de\/index.php?rest_route=\/wp\/v2\/users\/2"}],"replies":[{"embeddable":true,"href":"https:\/\/feuerwehr-holdorf.de\/index.php?rest_route=%2Fwp%2Fv2%2Fcomments&post=3732"}],"version-history":[{"count":3,"href":"https:\/\/feuerwehr-holdorf.de\/index.php?rest_route=\/wp\/v2\/posts\/3732\/revisions"}],"predecessor-version":[{"id":3740,"href":"https:\/\/feuerwehr-holdorf.de\/index.php?rest_route=\/wp\/v2\/posts\/3732\/revisions\/3740"}],"wp:featuredmedia":[{"embeddable":true,"href":"https:\/\/feuerwehr-holdorf.de\/index.php?rest_route=\/wp\/v2\/media\/3733"}],"wp:attachment":[{"href":"https:\/\/feuerwehr-holdorf.de\/index.php?rest_route=%2Fwp%2Fv2%2Fmedia&parent=3732"}],"wp:term":[{"taxonomy":"category","embeddable":true,"href":"https:\/\/feuerwehr-holdorf.de\/index.php?rest_route=%2Fwp%2Fv2%2Fcategories&post=3732"},{"taxonomy":"post_tag","embeddable":true,"href":"https:\/\/feuerwehr-holdorf.de\/index.php?rest_route=%2Fwp%2Fv2%2Ftags&post=3732"}],"curies":[{"name":"wp","href":"https:\/\/api.w.org\/{rel}","templated":true}]}}