{"id":3798,"date":"2019-08-24T11:36:56","date_gmt":"2019-08-24T09:36:56","guid":{"rendered":"https:\/\/feuerwehr-holdorf.de\/?p=3798"},"modified":"2019-08-24T11:37:50","modified_gmt":"2019-08-24T09:37:50","slug":"pkw-brand-und-radladerbrand-24-08-2019","status":"publish","type":"post","link":"https:\/\/feuerwehr-holdorf.de\/?p=3798","title":{"rendered":"PKW-Brand und Radladerbrand \/ 24.08.2019"},"content":{"rendered":"\n<p>Zu gleich zwei Eins\u00e4tzen wurde die Feuerwehr Holdorf am Samstagmorgen des 24.08.2019 alarmiert. Um 08:33 Uhr ert\u00f6nten die Alarmempf\u00e4nger mit der Meldung &#8222;PKW-Brand&#8220;. Auf der A1 in Fahrtrichtung Osnabr\u00fcck kurz hinter der Rastanlage Dammer Berge geriet ein Fahrzeug in Brand, Personen wurden dabei nicht verletzt. Bei Eintreffen der ersten Feuerwehrkr\u00e4fte stand das Fahrzeug in Vollbrand. Mit einem Schaumangriff wurde das Feuer rasch bek\u00e4mpft. Angrenzende Graslandschaft geriet ebenfalls in Brand, welches von einem weiteren Trupp ebenfalls parallel abgel\u00f6scht wurde.<\/p>\n<p>Als das Feuer gerade gel\u00f6scht war, meldete sich die Einsatzleitstelle Vechta mit einem Folgeeinsatz. In Grandorf war ein Radlader in Brand geraten, das Fahrzeug stand in einer Scheune. Neben der ebenfalls alarmierten Feuerwehr Fladderlohausen r\u00fcckten auch die Holdorfer Kr\u00e4fte zu diesem Einsatz aus. Da von Weitem bereits eine starke Rauchentwicklung feststellbar war, wurde vorsorglich auf &#8222;Feuer 3&#8220; erh\u00f6ht. Dadurch wurde die Feuerwehr Damme mit der Drehleitereinheit ebenfalls alarmiert. Auch das Feuer konnte z\u00fcgig gel\u00f6scht werden und somit ein \u00dcbergreifen auf die Scheune verhindert werden.<\/p>\nngg_shortcode_0_placeholder\n","protected":false},"excerpt":{"rendered":"<p>Zu gleich zwei Eins\u00e4tzen wurde die Feuerwehr Holdorf am Samstagmorgen des 24.08.2019 alarmiert. Um 08:33 Uhr ert\u00f6nten die Alarmempf\u00e4nger mit der Meldung &#8222;PKW-Brand&#8220;. Auf der A1 in Fahrtrichtung Osnabr\u00fcck kurz hinter der Rastanlage Dammer Berge geriet ein Fahrzeug in Brand,<\/p>\n","protected":false},"author":2,"featured_media":3799,"comment_status":"closed","ping_status":"closed","sticky":false,"template":"","format":"standard","meta":{"ngg_post_thumbnail":0,"footnotes":""},"categories":[52],"tags":[],"class_list":["post-3798","post","type-post","status-publish","format-standard","has-post-thumbnail","hentry","category-einsaetze"],"_links":{"self":[{"href":"https:\/\/feuerwehr-holdorf.de\/index.php?rest_route=\/wp\/v2\/posts\/3798","targetHints":{"allow":["GET"]}}],"collection":[{"href":"https:\/\/feuerwehr-holdorf.de\/index.php?rest_route=\/wp\/v2\/posts"}],"about":[{"href":"https:\/\/feuerwehr-holdorf.de\/index.php?rest_route=\/wp\/v2\/types\/post"}],"author":[{"embeddable":true,"href":"https:\/\/feuerwehr-holdorf.de\/index.php?rest_route=\/wp\/v2\/users\/2"}],"replies":[{"embeddable":true,"href":"https:\/\/feuerwehr-holdorf.de\/index.php?rest_route=%2Fwp%2Fv2%2Fcomments&post=3798"}],"version-history":[{"count":2,"href":"https:\/\/feuerwehr-holdorf.de\/index.php?rest_route=\/wp\/v2\/posts\/3798\/revisions"}],"predecessor-version":[{"id":3801,"href":"https:\/\/feuerwehr-holdorf.de\/index.php?rest_route=\/wp\/v2\/posts\/3798\/revisions\/3801"}],"wp:featuredmedia":[{"embeddable":true,"href":"https:\/\/feuerwehr-holdorf.de\/index.php?rest_route=\/wp\/v2\/media\/3799"}],"wp:attachment":[{"href":"https:\/\/feuerwehr-holdorf.de\/index.php?rest_route=%2Fwp%2Fv2%2Fmedia&parent=3798"}],"wp:term":[{"taxonomy":"category","embeddable":true,"href":"https:\/\/feuerwehr-holdorf.de\/index.php?rest_route=%2Fwp%2Fv2%2Fcategories&post=3798"},{"taxonomy":"post_tag","embeddable":true,"href":"https:\/\/feuerwehr-holdorf.de\/index.php?rest_route=%2Fwp%2Fv2%2Ftags&post=3798"}],"curies":[{"name":"wp","href":"https:\/\/api.w.org\/{rel}","templated":true}]}}