{"id":3996,"date":"2019-12-22T07:00:00","date_gmt":"2019-12-22T06:00:00","guid":{"rendered":"https:\/\/feuerwehr-holdorf.de\/?p=3996"},"modified":"2019-12-13T17:55:04","modified_gmt":"2019-12-13T16:55:04","slug":"frohes-weihnachtsfest","status":"publish","type":"post","link":"https:\/\/feuerwehr-holdorf.de\/?p=3996","title":{"rendered":"Frohes Weihnachtsfest"},"content":{"rendered":"\n<div id=\"js_9\" class=\"_5pbx userContent _3576\" data-testid=\"post_message\" data-ft=\"{&quot;tn&quot;:&quot;K&quot;}\">\n<p>Liebe B\u00fcrgerinnen und B\u00fcrger, liebe benachbarte Feuerwehren, liebe F\u00f6rderer und G\u00f6nner!<\/p>\n<p>Es ist vierter Advent, das Jahr neigt sich dem Ende zu. Es war ein sehr ereignisreiches Jahr mit einer, im Vergleich zu den letzten Jahren, hohen Anzahl an Eins\u00e4tzen und Diensten. Wir m\u00f6chten uns bei allen B\u00fcrgern, Feuerwehren, etc. f\u00fcr die tolle und tatkr\u00e4ftige Unterst\u00fctzung in diesem Jahr bedanken, besonders denken wir an die einsatzreiche Woche mit den zahlreichen Wald- und Fl\u00e4chenbr\u00e4nden im Juli zur\u00fcck!<\/p>\n<p>Hoffen wir, dass das Jahr 2020 diesbez\u00fcglich entspannter abl\u00e4uft. In diesem Sinne w\u00fcnschen wir allen einen sch\u00f6nen 4. Advent sowie ein fr\u00f6hliches und vor allem sicheres Weihnachtsfest!<\/p>\n<p><em><strong>Eure Feuerwehr Holdorf<\/strong><\/em><\/p>\n<p><img loading=\"lazy\" decoding=\"async\" class=\"aligncenter size-large wp-image-3997\" src=\"https:\/\/feuerwehr-holdorf.de\/wp-content\/uploads\/2019\/12\/Vierter_Advent-975x652.jpg\" alt=\"\" width=\"750\" height=\"502\" srcset=\"https:\/\/feuerwehr-holdorf.de\/wp-content\/uploads\/2019\/12\/Vierter_Advent-975x652.jpg 975w, https:\/\/feuerwehr-holdorf.de\/wp-content\/uploads\/2019\/12\/Vierter_Advent-300x201.jpg 300w, https:\/\/feuerwehr-holdorf.de\/wp-content\/uploads\/2019\/12\/Vierter_Advent-768x514.jpg 768w, https:\/\/feuerwehr-holdorf.de\/wp-content\/uploads\/2019\/12\/Vierter_Advent.jpg 1076w\" sizes=\"auto, (max-width: 750px) 100vw, 750px\" \/><\/p>\n<\/div>\n","protected":false},"excerpt":{"rendered":"<p>Liebe B\u00fcrgerinnen und B\u00fcrger, liebe benachbarte Feuerwehren, liebe F\u00f6rderer und G\u00f6nner! Es ist vierter Advent, das Jahr neigt sich dem Ende zu. Es war ein sehr ereignisreiches Jahr mit einer, im Vergleich zu den letzten Jahren, hohen Anzahl an Eins\u00e4tzen<\/p>\n","protected":false},"author":2,"featured_media":3997,"comment_status":"closed","ping_status":"closed","sticky":false,"template":"","format":"standard","meta":{"ngg_post_thumbnail":0,"footnotes":""},"categories":[1],"tags":[],"class_list":["post-3996","post","type-post","status-publish","format-standard","has-post-thumbnail","hentry","category-news"],"_links":{"self":[{"href":"https:\/\/feuerwehr-holdorf.de\/index.php?rest_route=\/wp\/v2\/posts\/3996","targetHints":{"allow":["GET"]}}],"collection":[{"href":"https:\/\/feuerwehr-holdorf.de\/index.php?rest_route=\/wp\/v2\/posts"}],"about":[{"href":"https:\/\/feuerwehr-holdorf.de\/index.php?rest_route=\/wp\/v2\/types\/post"}],"author":[{"embeddable":true,"href":"https:\/\/feuerwehr-holdorf.de\/index.php?rest_route=\/wp\/v2\/users\/2"}],"replies":[{"embeddable":true,"href":"https:\/\/feuerwehr-holdorf.de\/index.php?rest_route=%2Fwp%2Fv2%2Fcomments&post=3996"}],"version-history":[{"count":1,"href":"https:\/\/feuerwehr-holdorf.de\/index.php?rest_route=\/wp\/v2\/posts\/3996\/revisions"}],"predecessor-version":[{"id":3998,"href":"https:\/\/feuerwehr-holdorf.de\/index.php?rest_route=\/wp\/v2\/posts\/3996\/revisions\/3998"}],"wp:featuredmedia":[{"embeddable":true,"href":"https:\/\/feuerwehr-holdorf.de\/index.php?rest_route=\/wp\/v2\/media\/3997"}],"wp:attachment":[{"href":"https:\/\/feuerwehr-holdorf.de\/index.php?rest_route=%2Fwp%2Fv2%2Fmedia&parent=3996"}],"wp:term":[{"taxonomy":"category","embeddable":true,"href":"https:\/\/feuerwehr-holdorf.de\/index.php?rest_route=%2Fwp%2Fv2%2Fcategories&post=3996"},{"taxonomy":"post_tag","embeddable":true,"href":"https:\/\/feuerwehr-holdorf.de\/index.php?rest_route=%2Fwp%2Fv2%2Ftags&post=3996"}],"curies":[{"name":"wp","href":"https:\/\/api.w.org\/{rel}","templated":true}]}}