{"id":4522,"date":"2020-05-30T12:16:50","date_gmt":"2020-05-30T10:16:50","guid":{"rendered":"https:\/\/feuerwehr-holdorf.de\/?p=4522"},"modified":"2020-05-30T12:17:57","modified_gmt":"2020-05-30T10:17:57","slug":"flaechenbrand-im-wald-28-05-2020","status":"publish","type":"post","link":"https:\/\/feuerwehr-holdorf.de\/?p=4522","title":{"rendered":"Fl\u00e4chenbrand im Wald \/ 28.05.2020"},"content":{"rendered":"\n<p><span id=\"fbPhotoSnowliftCaption\" class=\"fbPhotosPhotoCaption\" tabindex=\"0\" aria-live=\"polite\" data-ft=\"{&quot;tn&quot;:&quot;K&quot;}\"><span class=\"hasCaption\">Am 28.05.2020 wurden wir gegen 09:50 Uhr zu Einsatz Nr. 34 im Jahr 2020 gerufen. In der Stra\u00dfe \u201eAn der Dersaburg\u201c brannte es auf einer kleinen Fl\u00e4che im Wald. Das Feuer wurde vermutlich durch ein Lagerfeuer ausgel\u00f6st, welches gl\u00fccklicherweise schnell entdeckt wurde, bevor ein gr\u00f6\u00dferes Feuer entstehen konnte. Die Ermittlungen der Polizei hierzu laufen. Mit einem C-Rohr konnte der Brand z\u00fcgig abgel\u00f6scht werden<span class=\"text_exposed_show\"><br><br>Wir m\u00f6chten an dieser Stelle nochmals darauf hinweisen, dass es in W\u00e4ldern, Moorgebieten etc. verboten ist, offenes Feuer zu benutzen oder zu rauchen! Der Regen der letzten Tage war nur ein Tropfen auf dem hei\u00dfen Stein, es ist immer noch sehr trocken (siehe Grafik des DWD).<\/span><\/span><\/span><\/p>\n<p><span id=\"fbPhotoSnowliftCaption\" class=\"fbPhotosPhotoCaption\" tabindex=\"0\" aria-live=\"polite\" data-ft=\"{&quot;tn&quot;:&quot;K&quot;}\"><span class=\"hasCaption\"><span class=\"text_exposed_show\">Weitere Informationen zur Verordnung finden Sie auf der Homepage des Landkreises Vechta unter <a href=\"https:\/\/www.landkreis-vechta.de\/nc\/service\/aktuelles\/pressemitteilungen\/einzelansicht\/news\/steigende-waldbrandgefahr-landkreis-mahnt-zur-vorsicht.html?fbclid=IwAR1nlBdxsJv6j-xL7NdgqDZpok1kSC_ug-XKyah4FH-y9wLPhUgAKHRtzwM\">diesem Link<\/a>!<br><\/span><\/span><\/span><\/p>\nngg_shortcode_0_placeholder\n","protected":false},"excerpt":{"rendered":"<p>Am 28.05.2020 wurden wir gegen 09:50 Uhr zu Einsatz Nr. 34 im Jahr 2020 gerufen. In der Stra\u00dfe \u201eAn der Dersaburg\u201c brannte es auf einer kleinen Fl\u00e4che im Wald. Das Feuer wurde vermutlich durch ein Lagerfeuer ausgel\u00f6st, welches gl\u00fccklicherweise schnell<\/p>\n","protected":false},"author":2,"featured_media":4528,"comment_status":"closed","ping_status":"closed","sticky":false,"template":"","format":"standard","meta":{"ngg_post_thumbnail":0,"footnotes":""},"categories":[52],"tags":[],"class_list":["post-4522","post","type-post","status-publish","format-standard","has-post-thumbnail","hentry","category-einsaetze"],"_links":{"self":[{"href":"https:\/\/feuerwehr-holdorf.de\/index.php?rest_route=\/wp\/v2\/posts\/4522","targetHints":{"allow":["GET"]}}],"collection":[{"href":"https:\/\/feuerwehr-holdorf.de\/index.php?rest_route=\/wp\/v2\/posts"}],"about":[{"href":"https:\/\/feuerwehr-holdorf.de\/index.php?rest_route=\/wp\/v2\/types\/post"}],"author":[{"embeddable":true,"href":"https:\/\/feuerwehr-holdorf.de\/index.php?rest_route=\/wp\/v2\/users\/2"}],"replies":[{"embeddable":true,"href":"https:\/\/feuerwehr-holdorf.de\/index.php?rest_route=%2Fwp%2Fv2%2Fcomments&post=4522"}],"version-history":[{"count":3,"href":"https:\/\/feuerwehr-holdorf.de\/index.php?rest_route=\/wp\/v2\/posts\/4522\/revisions"}],"predecessor-version":[{"id":4531,"href":"https:\/\/feuerwehr-holdorf.de\/index.php?rest_route=\/wp\/v2\/posts\/4522\/revisions\/4531"}],"wp:featuredmedia":[{"embeddable":true,"href":"https:\/\/feuerwehr-holdorf.de\/index.php?rest_route=\/wp\/v2\/media\/4528"}],"wp:attachment":[{"href":"https:\/\/feuerwehr-holdorf.de\/index.php?rest_route=%2Fwp%2Fv2%2Fmedia&parent=4522"}],"wp:term":[{"taxonomy":"category","embeddable":true,"href":"https:\/\/feuerwehr-holdorf.de\/index.php?rest_route=%2Fwp%2Fv2%2Fcategories&post=4522"},{"taxonomy":"post_tag","embeddable":true,"href":"https:\/\/feuerwehr-holdorf.de\/index.php?rest_route=%2Fwp%2Fv2%2Ftags&post=4522"}],"curies":[{"name":"wp","href":"https:\/\/api.w.org\/{rel}","templated":true}]}}