{"id":4536,"date":"2020-06-13T09:17:35","date_gmt":"2020-06-13T07:17:35","guid":{"rendered":"https:\/\/feuerwehr-holdorf.de\/?p=4536"},"modified":"2020-06-13T09:17:36","modified_gmt":"2020-06-13T07:17:36","slug":"nachruf-georg-wobbeler","status":"publish","type":"post","link":"https:\/\/feuerwehr-holdorf.de\/?p=4536","title":{"rendered":"Nachruf &#8211; Georg Wobbeler"},"content":{"rendered":"\n<p><img loading=\"lazy\" decoding=\"async\" class=\"alignleft wp-image-4534\" src=\"https:\/\/feuerwehr-holdorf.de\/wp-content\/uploads\/2020\/06\/Foto-Georg-Wobbeler.jpg\" alt=\"\" width=\"250\" height=\"350\" srcset=\"https:\/\/feuerwehr-holdorf.de\/wp-content\/uploads\/2020\/06\/Foto-Georg-Wobbeler.jpg 452w, https:\/\/feuerwehr-holdorf.de\/wp-content\/uploads\/2020\/06\/Foto-Georg-Wobbeler-215x300.jpg 215w\" sizes=\"auto, (max-width: 250px) 100vw, 250px\" \/>Am heutigen Samstag wird unser langj\u00e4hriger Feuerwehrkamerad der freiwilligen Feuerwehr Fladderlohausen, EHFM Georg Wobbeler, zu Grabe getragen. Er war seit 1961 f\u00fcr 43 Jahre im aktiven Dienst, bevor er im Jahre 2004 in die Altersabteilung wechselte. Auch wenn wir nicht pers\u00f6nlich auf dem Friedhof Abschied nehmen k\u00f6nnen, sind wir in Gedanken bei Georg. Unsere besondere Anteilnahme gilt seiner Familie.<\/p>\n<p>Georg, wir werden dir ein ehrendes Andenken bewahren!<\/p>\n<p><img loading=\"lazy\" decoding=\"async\" class=\"aligncenter size-full wp-image-4535\" src=\"https:\/\/feuerwehr-holdorf.de\/wp-content\/uploads\/2020\/06\/Traueranzeige_OV.jpg\" alt=\"\" width=\"421\" height=\"343\" srcset=\"https:\/\/feuerwehr-holdorf.de\/wp-content\/uploads\/2020\/06\/Traueranzeige_OV.jpg 421w, https:\/\/feuerwehr-holdorf.de\/wp-content\/uploads\/2020\/06\/Traueranzeige_OV-300x244.jpg 300w\" sizes=\"auto, (max-width: 421px) 100vw, 421px\" \/><\/p>\n","protected":false},"excerpt":{"rendered":"<p>Am heutigen Samstag wird unser langj\u00e4hriger Feuerwehrkamerad der freiwilligen Feuerwehr Fladderlohausen, EHFM Georg Wobbeler, zu Grabe getragen. Er war seit 1961 f\u00fcr 43 Jahre im aktiven Dienst, bevor er im Jahre 2004 in die Altersabteilung wechselte. Auch wenn wir nicht<\/p>\n","protected":false},"author":2,"featured_media":4534,"comment_status":"closed","ping_status":"closed","sticky":false,"template":"","format":"standard","meta":{"ngg_post_thumbnail":0,"footnotes":""},"categories":[1],"tags":[],"class_list":["post-4536","post","type-post","status-publish","format-standard","has-post-thumbnail","hentry","category-news"],"_links":{"self":[{"href":"https:\/\/feuerwehr-holdorf.de\/index.php?rest_route=\/wp\/v2\/posts\/4536","targetHints":{"allow":["GET"]}}],"collection":[{"href":"https:\/\/feuerwehr-holdorf.de\/index.php?rest_route=\/wp\/v2\/posts"}],"about":[{"href":"https:\/\/feuerwehr-holdorf.de\/index.php?rest_route=\/wp\/v2\/types\/post"}],"author":[{"embeddable":true,"href":"https:\/\/feuerwehr-holdorf.de\/index.php?rest_route=\/wp\/v2\/users\/2"}],"replies":[{"embeddable":true,"href":"https:\/\/feuerwehr-holdorf.de\/index.php?rest_route=%2Fwp%2Fv2%2Fcomments&post=4536"}],"version-history":[{"count":2,"href":"https:\/\/feuerwehr-holdorf.de\/index.php?rest_route=\/wp\/v2\/posts\/4536\/revisions"}],"predecessor-version":[{"id":4538,"href":"https:\/\/feuerwehr-holdorf.de\/index.php?rest_route=\/wp\/v2\/posts\/4536\/revisions\/4538"}],"wp:featuredmedia":[{"embeddable":true,"href":"https:\/\/feuerwehr-holdorf.de\/index.php?rest_route=\/wp\/v2\/media\/4534"}],"wp:attachment":[{"href":"https:\/\/feuerwehr-holdorf.de\/index.php?rest_route=%2Fwp%2Fv2%2Fmedia&parent=4536"}],"wp:term":[{"taxonomy":"category","embeddable":true,"href":"https:\/\/feuerwehr-holdorf.de\/index.php?rest_route=%2Fwp%2Fv2%2Fcategories&post=4536"},{"taxonomy":"post_tag","embeddable":true,"href":"https:\/\/feuerwehr-holdorf.de\/index.php?rest_route=%2Fwp%2Fv2%2Ftags&post=4536"}],"curies":[{"name":"wp","href":"https:\/\/api.w.org\/{rel}","templated":true}]}}