{"id":5697,"date":"2022-04-09T20:30:53","date_gmt":"2022-04-09T18:30:53","guid":{"rendered":"https:\/\/feuerwehr-holdorf.de\/?p=5697"},"modified":"2022-04-09T20:30:53","modified_gmt":"2022-04-09T18:30:53","slug":"generalversammlung-foerderverein-09-04-2022","status":"publish","type":"post","link":"https:\/\/feuerwehr-holdorf.de\/?p=5697","title":{"rendered":"Generalversammlung F\u00f6rderverein \/ 09.04.2022"},"content":{"rendered":"<p>Am 09.04.2022 fand, nach zweij\u00e4hriger Pause, die Generalversammlung des F\u00f6rdervereins der freiwilligen Feuerwehr Holdorf e.V. statt. Mathias L\u00fcpke-Narberhaus (1. Vorsitzender) berichtete von den vergangenen zwei Jahren, in den leider keine Aktivit\u00e4ten stattfinden konnten. Es gab lediglich ein paar technische Anschaffungen f\u00fcr die Feuerwehr Holdorf.<\/p>\n<p>Der Vorstand musste zudem zum Teil neu gew\u00e4hlt werden. Hierbei wurden Mathias L\u00fcpke-Narberhaus und Michael Niemann (Kassenwart) in ihren \u00c4mtern best\u00e4tigt. Max gr. Schlarmann, der das Amt des 2. Vorsitzenden inne hatte, stellte sich nicht wieder zur Wahl. Die Versammlung w\u00e4hlte daraufhin Alexander Meyer zum neuen 2. Vorsitzenden.<\/p>\n<p>Mathias L\u00fcpke-Narberhaus dankte Max f\u00fcr seine bisherige Vorstandsarbeit. Ebenso dankte er allen Sponsoren und F\u00f6rderern f\u00fcr die tatkr\u00e4ftige Unterst\u00fctzung.<\/p>\n<p>Weitere Informationen zum F\u00f6rderverein unter <a href=\"https:\/\/feuerwehr-holdorf.de\/?page_id=813\">diesem Link<\/a>!<\/p>\n<p>&nbsp;<\/p>\n<figure id=\"attachment_5695\" aria-describedby=\"caption-attachment-5695\" style=\"width: 750px\" class=\"wp-caption aligncenter\"><img loading=\"lazy\" decoding=\"async\" class=\"size-large wp-image-5695\" src=\"https:\/\/feuerwehr-holdorf.de\/wp-content\/uploads\/2022\/04\/Vorstandsfoto_04-2022-975x548.jpg\" alt=\"\" width=\"750\" height=\"422\" srcset=\"https:\/\/feuerwehr-holdorf.de\/wp-content\/uploads\/2022\/04\/Vorstandsfoto_04-2022-975x548.jpg 975w, https:\/\/feuerwehr-holdorf.de\/wp-content\/uploads\/2022\/04\/Vorstandsfoto_04-2022-300x169.jpg 300w, https:\/\/feuerwehr-holdorf.de\/wp-content\/uploads\/2022\/04\/Vorstandsfoto_04-2022-768x432.jpg 768w, https:\/\/feuerwehr-holdorf.de\/wp-content\/uploads\/2022\/04\/Vorstandsfoto_04-2022-1536x864.jpg 1536w, https:\/\/feuerwehr-holdorf.de\/wp-content\/uploads\/2022\/04\/Vorstandsfoto_04-2022-2048x1152.jpg 2048w\" sizes=\"auto, (max-width: 750px) 100vw, 750px\" \/><figcaption id=\"caption-attachment-5695\" class=\"wp-caption-text\">Der aktuelle Vorstand (v.l.n.r.): 2. Vorsitzender Alexander Meyer, Schriftf\u00fchrerin Antonia Nobbe, Kassenwart Michael Niemann und 1. Vorsitzender Mathias L\u00fcpke-Narberhaus \/ 04-2022<\/figcaption><\/figure>\n","protected":false},"excerpt":{"rendered":"<p>Am 09.04.2022 fand, nach zweij\u00e4hriger Pause, die Generalversammlung des F\u00f6rdervereins der freiwilligen Feuerwehr Holdorf e.V. statt. Mathias L\u00fcpke-Narberhaus (1. Vorsitzender) berichtete von den vergangenen zwei Jahren, in den leider keine Aktivit\u00e4ten stattfinden konnten. Es gab lediglich ein paar technische Anschaffungen<\/p>\n","protected":false},"author":2,"featured_media":5695,"comment_status":"closed","ping_status":"closed","sticky":false,"template":"","format":"standard","meta":{"ngg_post_thumbnail":0,"footnotes":""},"categories":[1],"tags":[],"class_list":["post-5697","post","type-post","status-publish","format-standard","has-post-thumbnail","hentry","category-news"],"_links":{"self":[{"href":"https:\/\/feuerwehr-holdorf.de\/index.php?rest_route=\/wp\/v2\/posts\/5697","targetHints":{"allow":["GET"]}}],"collection":[{"href":"https:\/\/feuerwehr-holdorf.de\/index.php?rest_route=\/wp\/v2\/posts"}],"about":[{"href":"https:\/\/feuerwehr-holdorf.de\/index.php?rest_route=\/wp\/v2\/types\/post"}],"author":[{"embeddable":true,"href":"https:\/\/feuerwehr-holdorf.de\/index.php?rest_route=\/wp\/v2\/users\/2"}],"replies":[{"embeddable":true,"href":"https:\/\/feuerwehr-holdorf.de\/index.php?rest_route=%2Fwp%2Fv2%2Fcomments&post=5697"}],"version-history":[{"count":1,"href":"https:\/\/feuerwehr-holdorf.de\/index.php?rest_route=\/wp\/v2\/posts\/5697\/revisions"}],"predecessor-version":[{"id":5698,"href":"https:\/\/feuerwehr-holdorf.de\/index.php?rest_route=\/wp\/v2\/posts\/5697\/revisions\/5698"}],"wp:featuredmedia":[{"embeddable":true,"href":"https:\/\/feuerwehr-holdorf.de\/index.php?rest_route=\/wp\/v2\/media\/5695"}],"wp:attachment":[{"href":"https:\/\/feuerwehr-holdorf.de\/index.php?rest_route=%2Fwp%2Fv2%2Fmedia&parent=5697"}],"wp:term":[{"taxonomy":"category","embeddable":true,"href":"https:\/\/feuerwehr-holdorf.de\/index.php?rest_route=%2Fwp%2Fv2%2Fcategories&post=5697"},{"taxonomy":"post_tag","embeddable":true,"href":"https:\/\/feuerwehr-holdorf.de\/index.php?rest_route=%2Fwp%2Fv2%2Ftags&post=5697"}],"curies":[{"name":"wp","href":"https:\/\/api.w.org\/{rel}","templated":true}]}}