{"id":6464,"date":"2023-06-27T18:07:37","date_gmt":"2023-06-27T16:07:37","guid":{"rendered":"https:\/\/feuerwehr-holdorf.de\/?p=6464"},"modified":"2023-06-28T17:51:42","modified_gmt":"2023-06-28T15:51:42","slug":"einweihung-tag-der-offenen-tuer-06-2023","status":"publish","type":"post","link":"https:\/\/feuerwehr-holdorf.de\/?p=6464","title":{"rendered":"Einweihung \/ Tag der offenen T\u00fcr &#8211; 06-2023"},"content":{"rendered":"<p>Am letzten Juni-Wochenende standen einige Veranstaltungen auf dem Programm. Am Samstagabend fand die offizielle \u00dcbergabe des Feuerwehrhauses statt. Dazu begr\u00fc\u00dften B\u00fcrgermeister Dr. Wolfgang Krug, Gemeindebrandmeister Matthias H\u00f6lzen sowie Ortsbrandmeister Thorsten Deters neben den anwesenden Kameradinnen und Kameraden, der anwesenden Jugendfeuerwehr sowie den Mitgliedern der Alters- und Ehrenabteilung auch zahlreiche G\u00e4ste aus der Gemeindeverwaltung, Regierungsbrandmeister Udo Schwarz, Kreisbrandmeister Matthias Trumme sowie die F\u00fchrungskr\u00e4fte aus den Ortswehren des Landkreises.<\/p>\n<p>&#8222;Der Traum ist wahr geworden&#8220;, freute sich B\u00fcrgermeister Dr. Krug. Der Neubau, der im Mai bezogen werden konnte, ist nach neuesten Standards und Richtlinien erbaut und bietet sowohl den Frauen und M\u00e4nnern als auch den Einsatzfahrzeugen ausreichend Platz. Gemeindebrandmeister Matthias H\u00f6lzen und Ortsbrandmeister Thorsten Deters dankten der Gemeinde f\u00fcr die Umsetzung des Neubaus. Auch Regierungsbrandmeister Schwarz und Kreisbrandmeister Trumme zeigten sich zufrieden. &#8222;Es ist nun eine neue \u00c4ra der modernen Infrastruktur eingel\u00e4utet, die nicht nur ein Ort der Arbeit, sondern auch eine Begegnungsst\u00e4tte f\u00fcr die Kameradinnen und Kameraden ist&#8220;, so Schwarz.<\/p>\n<p>Im Anschluss erhielt zudem Lothar Fra\u00df eine besondere Auszeichnung. Er wurde von Kreisbrandmeister Matthias Trumme f\u00fcr 60-j\u00e4hrige Mitgliedschaft geehrt und erhielt das Nieders\u00e4chsische Ehrenzeichen des Landesfeuerwehrverbandes Niedersachsen.<\/p>\n<p>Am Sonntag, den 25.06.2023 folgte dann der Tag der offenen T\u00fcr. Zahlreiche Besucher aus Nah und Fern fanden sich am neuen Feuerwehrhaus ein, um sich den Neubau anzuschauen. In regelm\u00e4\u00dfigen F\u00fchrungen durch das Geb\u00e4ude konnten sich die G\u00e4ste einen Eindruck verschaffen. F\u00fcr Spiel und Spa\u00df f\u00fcr die kleinen G\u00e4ste war ebenso gesorgt wie f\u00fcr die k\u00fchlen Getr\u00e4nke, die bei den sommerlichen Temperaturen genau so stark gefragt waren. F\u00fcr die weitere Verpflegung sorgte das DRK Kreisverband Vechta mit einer leckeren Gulaschsuppe. Au\u00dferdem stand eine Burger-Box vor der Fahrzeughalle, die die G\u00e4ste mit leckeren Burgern versorgte. Auch die Frauen der Feuerwehr-Kameraden waren aktiv und boten leckeren, selbstgemachten Kuchen sowie Kaffee an. F\u00fcr eine fantastische, musikalische Untermalung sorgte der Musikverein Holdorf.<\/p>\n<p>Die Kameradinnen und Kameraden der Feuerwehr Holdorf zeigten am Nachmittag eine \u00dcbung, bei der ein Zimmerbrand simuliert wurde. Zudem wurde am Sonntagnachmittag das Feuerwehrhaus durch Pfarrer Silvaraju Kativallu (katholische Kirchengemeinde) sowie Inge Olberding (Vertreterin der evangelischen Kirchengemeinde) offiziell eingeweiht. Besonders f\u00fcr Pfarrer \u201eSilva\u201c Kativallu war es ein besonderes Ereignis, da er bis Juli letzten Jahres noch sowohl in der Holdorfer Kirchengemeinde als auch bei der Feuerwehr Steinfeld aktiv war.<\/p>\n<p>Die Feuerwehr Holdorf bedankt sich bei allen f\u00fcr die netten Worte, die Geschenke, die tatkr\u00e4ftige Unterst\u00fctzung sowie f\u00fcr das riesige Interesse am Neubau. Vielen Dank!<\/p>\n<div style=\"width: 750px;\" class=\"wp-video\"><video class=\"wp-video-shortcode\" id=\"video-6464-1\" width=\"750\" height=\"422\" preload=\"metadata\" controls=\"controls\"><source type=\"video\/mp4\" src=\"https:\/\/feuerwehr-holdorf.de\/wp-content\/uploads\/2023\/06\/Rueckblick.mp4?_=1\" \/><a href=\"https:\/\/feuerwehr-holdorf.de\/wp-content\/uploads\/2023\/06\/Rueckblick.mp4\">https:\/\/feuerwehr-holdorf.de\/wp-content\/uploads\/2023\/06\/Rueckblick.mp4<\/a><\/video><\/div>\nngg_shortcode_0_placeholder\n","protected":false},"excerpt":{"rendered":"<p>Am letzten Juni-Wochenende standen einige Veranstaltungen auf dem Programm. Am Samstagabend fand die offizielle \u00dcbergabe des Feuerwehrhauses statt. Dazu begr\u00fc\u00dften B\u00fcrgermeister Dr. Wolfgang Krug, Gemeindebrandmeister Matthias H\u00f6lzen sowie Ortsbrandmeister Thorsten Deters neben den anwesenden Kameradinnen und Kameraden, der anwesenden Jugendfeuerwehr<\/p>\n","protected":false},"author":2,"featured_media":6449,"comment_status":"closed","ping_status":"closed","sticky":false,"template":"","format":"standard","meta":{"ngg_post_thumbnail":0,"footnotes":""},"categories":[1],"tags":[],"class_list":["post-6464","post","type-post","status-publish","format-standard","has-post-thumbnail","hentry","category-news"],"_links":{"self":[{"href":"https:\/\/feuerwehr-holdorf.de\/index.php?rest_route=\/wp\/v2\/posts\/6464","targetHints":{"allow":["GET"]}}],"collection":[{"href":"https:\/\/feuerwehr-holdorf.de\/index.php?rest_route=\/wp\/v2\/posts"}],"about":[{"href":"https:\/\/feuerwehr-holdorf.de\/index.php?rest_route=\/wp\/v2\/types\/post"}],"author":[{"embeddable":true,"href":"https:\/\/feuerwehr-holdorf.de\/index.php?rest_route=\/wp\/v2\/users\/2"}],"replies":[{"embeddable":true,"href":"https:\/\/feuerwehr-holdorf.de\/index.php?rest_route=%2Fwp%2Fv2%2Fcomments&post=6464"}],"version-history":[{"count":2,"href":"https:\/\/feuerwehr-holdorf.de\/index.php?rest_route=\/wp\/v2\/posts\/6464\/revisions"}],"predecessor-version":[{"id":6467,"href":"https:\/\/feuerwehr-holdorf.de\/index.php?rest_route=\/wp\/v2\/posts\/6464\/revisions\/6467"}],"wp:featuredmedia":[{"embeddable":true,"href":"https:\/\/feuerwehr-holdorf.de\/index.php?rest_route=\/wp\/v2\/media\/6449"}],"wp:attachment":[{"href":"https:\/\/feuerwehr-holdorf.de\/index.php?rest_route=%2Fwp%2Fv2%2Fmedia&parent=6464"}],"wp:term":[{"taxonomy":"category","embeddable":true,"href":"https:\/\/feuerwehr-holdorf.de\/index.php?rest_route=%2Fwp%2Fv2%2Fcategories&post=6464"},{"taxonomy":"post_tag","embeddable":true,"href":"https:\/\/feuerwehr-holdorf.de\/index.php?rest_route=%2Fwp%2Fv2%2Ftags&post=6464"}],"curies":[{"name":"wp","href":"https:\/\/api.w.org\/{rel}","templated":true}]}}