{"id":6605,"date":"2023-09-04T21:05:43","date_gmt":"2023-09-04T19:05:43","guid":{"rendered":"https:\/\/feuerwehr-holdorf.de\/?p=6605"},"modified":"2023-09-04T21:05:43","modified_gmt":"2023-09-04T19:05:43","slug":"verkehrsunfall-a1-04-09-2023","status":"publish","type":"post","link":"https:\/\/feuerwehr-holdorf.de\/?p=6605","title":{"rendered":"Verkehrsunfall A1 \/ 04.09.2023"},"content":{"rendered":"<p class=\"p1\">Am Montag, den 04.09.2023 wurde die Feuerwehr Holdorf gegen 13:43 Uhr gemeinsam mit den Feuerwehren Neuenkirchen und V\u00f6rden zu einem Verkehrsunfall auf die A1 gerufen. Kurz hinter der Rastst\u00e4tte Dammer Berge in Fahrtrichtung Bremen kam es zu mehreren Unf\u00e4llen, bei denen insgesamt 9 PKWs beteiligt waren.<\/p>\n<p class=\"p1\"><span class=\"s1\">Aufgrund der Baustelle werden Feuerwehren von beiden Seiten alarmiert, damit gesichert ist, dass trotz R\u00fcckstau und verengter Fahrbahn Rettungskr\u00e4fte die Unfallstelle erreichen. Die Holdorfer Kr\u00e4fte blieben bis zur vollst\u00e4ndigen Erkundung der Neuenkirchener Kr\u00e4fte vor der Auffahrt zur A1 in Bereitstellung. Da gl\u00fccklicherweise keine Personen eingeklemmt waren, reichten die Kr\u00e4fte der Feuerwehren Neuenkirchen und V\u00f6rden aus. Die Holdorfer Kameradinnen und Kameraden konnten wieder einr\u00fccken.<\/span><\/p>\n<p class=\"p1\"><span class=\"s1\">Aufgrund der Anzahl der verletzten \/ beteiligten Personen wurde im weiteren Verlauf das Stichwort auf MANV-15 (Massenanfall von Verletzten, 15 Verletzte) erh\u00f6ht, wodurch zahlreiche Rettungskr\u00e4fte vom Rettungsdienst zur Unfallstelle hinzugerufen wurden.<\/span><\/p>\n<p class=\"p1\"><span class=\"s1\">Weitere Infos hier\u00fcber bei OM-Online oder auf der Seite der Feuerwehr Neuenkirchen.<\/span><\/p>\n<p class=\"p1\"><span class=\"s1\">Im Einsatz: ELW 1, HLF 20, LF 16\/12<\/span><\/p>\n<p class=\"p1\"><span class=\"s1\">Weitere Kr\u00e4fte: Feuerwehr Neuenkirchen, Feuerwehr V\u00f6rden, ELW2 Lk Vechta, KBM, Autobahnpolizei, zahlreiche Kr\u00e4fte des Rettungsdienstes (RTWs, SEG, etc.)<\/span><\/p>\n<p><img loading=\"lazy\" decoding=\"async\" class=\"aligncenter size-large wp-image-6572\" src=\"https:\/\/feuerwehr-holdorf.de\/wp-content\/uploads\/2023\/08\/Symbolfoto-A1_FFHoldorf_01-975x548.jpg\" alt=\"\" width=\"750\" height=\"422\" srcset=\"https:\/\/feuerwehr-holdorf.de\/wp-content\/uploads\/2023\/08\/Symbolfoto-A1_FFHoldorf_01-975x548.jpg 975w, https:\/\/feuerwehr-holdorf.de\/wp-content\/uploads\/2023\/08\/Symbolfoto-A1_FFHoldorf_01-300x169.jpg 300w, https:\/\/feuerwehr-holdorf.de\/wp-content\/uploads\/2023\/08\/Symbolfoto-A1_FFHoldorf_01-768x432.jpg 768w, https:\/\/feuerwehr-holdorf.de\/wp-content\/uploads\/2023\/08\/Symbolfoto-A1_FFHoldorf_01.jpg 1024w\" sizes=\"auto, (max-width: 750px) 100vw, 750px\" \/><\/p>\n","protected":false},"excerpt":{"rendered":"<p>Am Montag, den 04.09.2023 wurde die Feuerwehr Holdorf gegen 13:43 Uhr gemeinsam mit den Feuerwehren Neuenkirchen und V\u00f6rden zu einem Verkehrsunfall auf die A1 gerufen. Kurz hinter der Rastst\u00e4tte Dammer Berge in Fahrtrichtung Bremen kam es zu mehreren Unf\u00e4llen, bei<\/p>\n","protected":false},"author":2,"featured_media":6572,"comment_status":"closed","ping_status":"closed","sticky":false,"template":"","format":"standard","meta":{"ngg_post_thumbnail":0,"footnotes":""},"categories":[52],"tags":[],"class_list":["post-6605","post","type-post","status-publish","format-standard","has-post-thumbnail","hentry","category-einsaetze"],"_links":{"self":[{"href":"https:\/\/feuerwehr-holdorf.de\/index.php?rest_route=\/wp\/v2\/posts\/6605","targetHints":{"allow":["GET"]}}],"collection":[{"href":"https:\/\/feuerwehr-holdorf.de\/index.php?rest_route=\/wp\/v2\/posts"}],"about":[{"href":"https:\/\/feuerwehr-holdorf.de\/index.php?rest_route=\/wp\/v2\/types\/post"}],"author":[{"embeddable":true,"href":"https:\/\/feuerwehr-holdorf.de\/index.php?rest_route=\/wp\/v2\/users\/2"}],"replies":[{"embeddable":true,"href":"https:\/\/feuerwehr-holdorf.de\/index.php?rest_route=%2Fwp%2Fv2%2Fcomments&post=6605"}],"version-history":[{"count":1,"href":"https:\/\/feuerwehr-holdorf.de\/index.php?rest_route=\/wp\/v2\/posts\/6605\/revisions"}],"predecessor-version":[{"id":6606,"href":"https:\/\/feuerwehr-holdorf.de\/index.php?rest_route=\/wp\/v2\/posts\/6605\/revisions\/6606"}],"wp:featuredmedia":[{"embeddable":true,"href":"https:\/\/feuerwehr-holdorf.de\/index.php?rest_route=\/wp\/v2\/media\/6572"}],"wp:attachment":[{"href":"https:\/\/feuerwehr-holdorf.de\/index.php?rest_route=%2Fwp%2Fv2%2Fmedia&parent=6605"}],"wp:term":[{"taxonomy":"category","embeddable":true,"href":"https:\/\/feuerwehr-holdorf.de\/index.php?rest_route=%2Fwp%2Fv2%2Fcategories&post=6605"},{"taxonomy":"post_tag","embeddable":true,"href":"https:\/\/feuerwehr-holdorf.de\/index.php?rest_route=%2Fwp%2Fv2%2Ftags&post=6605"}],"curies":[{"name":"wp","href":"https:\/\/api.w.org\/{rel}","templated":true}]}}