{"id":7269,"date":"2025-02-08T20:32:44","date_gmt":"2025-02-08T19:32:44","guid":{"rendered":"https:\/\/feuerwehr-holdorf.de\/?p=7269"},"modified":"2025-02-08T20:32:44","modified_gmt":"2025-02-08T19:32:44","slug":"generalversammlung-jf-08-02-25","status":"publish","type":"post","link":"https:\/\/feuerwehr-holdorf.de\/?p=7269","title":{"rendered":"Generalversammlung JF \/ 08.02.25"},"content":{"rendered":"<p>Am Samstag, 8. Februar 2025, fand die Jahreshauptversammlung der JF Holdorf statt. JF-Wartin Antonia Nobbe konnte hierzu B\u00fcrgermeister Dr. Wolfgang<br \/>\nKrug, Kreisjugendfeuerwehrwartin Alexandra Runnebohm, GBM Matthias<br \/>\nH\u00f6lzen, stv. GBM Jens Wobbeler, OrtsBm Fladderlohausen Fabian Kolbeck, stv. OrtsBm Holdorf Max gr. Schlarmann sowie zahlreiche Eltern und Mitglieder der JF begr\u00fc\u00dfen.<br \/>\nIm vergangenen Jahr konnte die JF einen Mitgliederzuwachs verzeichnen. W\u00e4hrend zum 31.12.23 noch 25 Mitglieder gez\u00e4hlt wurden, waren es zum 31.12.24 bereits 27. Insgesamt leisteten die Nachwuchsretter ca. 5.400 Stunden.<br \/>\nJugendsprecher Tom M\u00fcller, die stv. Jugendsprecher S\u00f6nke Harpenau und Sophie<br \/>\nL\u00fcpke-Narberhaus sowie Schriftf\u00fchrer Vincent Bl\u00f6mer lie\u00dfen das vergangene Jahr Revue passieren und berichteten von zahlreichen Aktionen. Ein Highlight war das Pfingstzeltlager in Goldenstedt. Auch an der Winterveranstaltung nahm die JF mit vielen Jugendlichen teil. Insgesamt war es ein spannendes Jahr f\u00fcr die Jugendlichen \u2013 ebenso wie f\u00fcr die Betreuer.<br \/>\nJF-Wartin Antonia Nobbe bedankte sich bei allen, die die JF im vergangenen Jahr, sei es beim Zeltlager oder bei den Diensten, unterst\u00fctzt haben.<br \/>\nBei den anschlie\u00dfenden Wahlen wurde Mathis D\u00f6dtmann zum neuen Jugendsprecher gew\u00e4hlt. Sophie L\u00fcpke-Narberhaus wurde als stv. Jugendsprecherin wiedergew\u00e4hlt, w\u00e4hrend Tim Wolters das Amt des zweiten stv. Jugendsprechers \u00fcbernimmt. Vincent Bl\u00f6mer wurde erneut zum Schriftf\u00fchrer gew\u00e4hlt, sein Stellvertreter bleibt Maximilian Th\u00f6le. Arne Sch\u00f6nh\u00f6ft ist neuer Wimpeltr\u00e4ger und wird von Ole Schulte als stv. Wimpeltr\u00e4ger unterst\u00fctzt. Das Amt des Zeugwarts \u00fcbernimmt nun Lukas Schnieders.<br \/>\nIn den abschlie\u00dfenden Worten der G\u00e4ste gab es viel Lob f\u00fcr die Mitglieder der Jugendfeuerwehr. Alle waren sich einig, dass die konstant hohe Mitgliederzahl den starken Teamgeist in der Gruppe widerspiegelt. B\u00fcrgermeister Dr. Wolfgang Krug lud die Jugendfeuerwehr f\u00fcr das kommende Jahr zu einem Eis ein. Zudem versprachen die Gemeindebrandmeister, beim Dienst \u201e\u00dcbernachten im Feuerwehrhaus\u201c im M\u00e4rz die Pizza zu spendieren. Kreisjugendfeuerwartin<br \/>\nAlexandra Runnebohm informierte \u00fcber das Pfingstzeltlager 2025, das in Bakum stattfinden wird.<\/p>\n<p><img loading=\"lazy\" decoding=\"async\" class=\"aligncenter wp-image-7268\" src=\"https:\/\/feuerwehr-holdorf.de\/wp-content\/uploads\/2025\/02\/ec0786e0-9c32-4cbe-83cc-b7c8175a4f02-scaled.jpeg\" alt=\"\" width=\"1600\" height=\"1200\" srcset=\"https:\/\/feuerwehr-holdorf.de\/wp-content\/uploads\/2025\/02\/ec0786e0-9c32-4cbe-83cc-b7c8175a4f02-scaled.jpeg 2560w, https:\/\/feuerwehr-holdorf.de\/wp-content\/uploads\/2025\/02\/ec0786e0-9c32-4cbe-83cc-b7c8175a4f02-300x225.jpeg 300w, https:\/\/feuerwehr-holdorf.de\/wp-content\/uploads\/2025\/02\/ec0786e0-9c32-4cbe-83cc-b7c8175a4f02-975x731.jpeg 975w, https:\/\/feuerwehr-holdorf.de\/wp-content\/uploads\/2025\/02\/ec0786e0-9c32-4cbe-83cc-b7c8175a4f02-768x576.jpeg 768w, https:\/\/feuerwehr-holdorf.de\/wp-content\/uploads\/2025\/02\/ec0786e0-9c32-4cbe-83cc-b7c8175a4f02-1536x1152.jpeg 1536w, https:\/\/feuerwehr-holdorf.de\/wp-content\/uploads\/2025\/02\/ec0786e0-9c32-4cbe-83cc-b7c8175a4f02-2048x1536.jpeg 2048w\" sizes=\"auto, (max-width: 1600px) 100vw, 1600px\" \/><\/p>\n","protected":false},"excerpt":{"rendered":"<p>Am Samstag, 8. Februar 2025, fand die Jahreshauptversammlung der JF Holdorf statt. JF-Wartin Antonia Nobbe konnte hierzu B\u00fcrgermeister Dr. Wolfgang Krug, Kreisjugendfeuerwehrwartin Alexandra Runnebohm, GBM Matthias H\u00f6lzen, stv. GBM Jens Wobbeler, OrtsBm Fladderlohausen Fabian Kolbeck, stv. OrtsBm Holdorf Max gr.<\/p>\n","protected":false},"author":2,"featured_media":7268,"comment_status":"closed","ping_status":"closed","sticky":false,"template":"","format":"standard","meta":{"ngg_post_thumbnail":0,"footnotes":""},"categories":[51],"tags":[],"class_list":["post-7269","post","type-post","status-publish","format-standard","has-post-thumbnail","hentry","category-jugendfeuerwehr"],"_links":{"self":[{"href":"https:\/\/feuerwehr-holdorf.de\/index.php?rest_route=\/wp\/v2\/posts\/7269","targetHints":{"allow":["GET"]}}],"collection":[{"href":"https:\/\/feuerwehr-holdorf.de\/index.php?rest_route=\/wp\/v2\/posts"}],"about":[{"href":"https:\/\/feuerwehr-holdorf.de\/index.php?rest_route=\/wp\/v2\/types\/post"}],"author":[{"embeddable":true,"href":"https:\/\/feuerwehr-holdorf.de\/index.php?rest_route=\/wp\/v2\/users\/2"}],"replies":[{"embeddable":true,"href":"https:\/\/feuerwehr-holdorf.de\/index.php?rest_route=%2Fwp%2Fv2%2Fcomments&post=7269"}],"version-history":[{"count":1,"href":"https:\/\/feuerwehr-holdorf.de\/index.php?rest_route=\/wp\/v2\/posts\/7269\/revisions"}],"predecessor-version":[{"id":7270,"href":"https:\/\/feuerwehr-holdorf.de\/index.php?rest_route=\/wp\/v2\/posts\/7269\/revisions\/7270"}],"wp:featuredmedia":[{"embeddable":true,"href":"https:\/\/feuerwehr-holdorf.de\/index.php?rest_route=\/wp\/v2\/media\/7268"}],"wp:attachment":[{"href":"https:\/\/feuerwehr-holdorf.de\/index.php?rest_route=%2Fwp%2Fv2%2Fmedia&parent=7269"}],"wp:term":[{"taxonomy":"category","embeddable":true,"href":"https:\/\/feuerwehr-holdorf.de\/index.php?rest_route=%2Fwp%2Fv2%2Fcategories&post=7269"},{"taxonomy":"post_tag","embeddable":true,"href":"https:\/\/feuerwehr-holdorf.de\/index.php?rest_route=%2Fwp%2Fv2%2Ftags&post=7269"}],"curies":[{"name":"wp","href":"https:\/\/api.w.org\/{rel}","templated":true}]}}