{"id":7339,"date":"2025-03-26T12:56:11","date_gmt":"2025-03-26T11:56:11","guid":{"rendered":"https:\/\/feuerwehr-holdorf.de\/?p=7339"},"modified":"2025-03-26T12:56:11","modified_gmt":"2025-03-26T11:56:11","slug":"garagenbrand-26-03-2025","status":"publish","type":"post","link":"https:\/\/feuerwehr-holdorf.de\/?p=7339","title":{"rendered":"Garagenbrand \/ 26.03.2025"},"content":{"rendered":"<p>In der Nacht von Dienstag auf Mittwoch wurden die Frauen und M\u00e4nner der Feuerwehren Holdorf und Fladderlohausen gegen 02:45 Uhr zu einem Brandeinsatz gerufen.<\/p>\n<p>In der Stra\u00dfe \u201eR\u00f6merring\u201c geriet aus bislang ungekl\u00e4rter Ursache eine Garage in Brand. Mehrere Atemschutztrupps gingen sowohl zum L\u00f6schangriff als auch zur Kontrolle des direkt angrenzenden Wohnhauses, unter anderem mit der W\u00e4rmebildkamera, vor. Ein direkter \u00dcberschlag auf das Wohnhaus konnte verhindert werden, allerdings mussten einige R\u00e4ume mittels L\u00fcfter vom Rauch befreit werden.<\/p>\n<p>Nach einer ausgiebigen Endkontrolle konnte die Einsatzstelle nach gut 2 1\/2 Stunden verlassen werden.<\/p>\n<p>Im Einsatz: PKW GBM, ELW 1, HLF 1, HLF 2, MTW (alle Holdorf), TLF 16\/24 Tr, LF 8 (beide Fladderlohausen), Rettungsdienst, Polizei<\/p>\n<p><img loading=\"lazy\" decoding=\"async\" class=\"aligncenter size-full wp-image-7340\" src=\"https:\/\/feuerwehr-holdorf.de\/wp-content\/uploads\/2025\/03\/2025-03-26_F2-Garagenbrand.jpg\" alt=\"\" width=\"1600\" height=\"900\" srcset=\"https:\/\/feuerwehr-holdorf.de\/wp-content\/uploads\/2025\/03\/2025-03-26_F2-Garagenbrand.jpg 1600w, https:\/\/feuerwehr-holdorf.de\/wp-content\/uploads\/2025\/03\/2025-03-26_F2-Garagenbrand-300x169.jpg 300w, https:\/\/feuerwehr-holdorf.de\/wp-content\/uploads\/2025\/03\/2025-03-26_F2-Garagenbrand-975x548.jpg 975w, https:\/\/feuerwehr-holdorf.de\/wp-content\/uploads\/2025\/03\/2025-03-26_F2-Garagenbrand-768x432.jpg 768w, https:\/\/feuerwehr-holdorf.de\/wp-content\/uploads\/2025\/03\/2025-03-26_F2-Garagenbrand-1536x864.jpg 1536w\" sizes=\"auto, (max-width: 1600px) 100vw, 1600px\" \/><\/p>\n","protected":false},"excerpt":{"rendered":"<p>In der Nacht von Dienstag auf Mittwoch wurden die Frauen und M\u00e4nner der Feuerwehren Holdorf und Fladderlohausen gegen 02:45 Uhr zu einem Brandeinsatz gerufen. In der Stra\u00dfe \u201eR\u00f6merring\u201c geriet aus bislang ungekl\u00e4rter Ursache eine Garage in Brand. Mehrere Atemschutztrupps gingen<\/p>\n","protected":false},"author":2,"featured_media":7340,"comment_status":"closed","ping_status":"closed","sticky":false,"template":"","format":"standard","meta":{"ngg_post_thumbnail":0,"footnotes":""},"categories":[52],"tags":[],"class_list":["post-7339","post","type-post","status-publish","format-standard","has-post-thumbnail","hentry","category-einsaetze"],"_links":{"self":[{"href":"https:\/\/feuerwehr-holdorf.de\/index.php?rest_route=\/wp\/v2\/posts\/7339","targetHints":{"allow":["GET"]}}],"collection":[{"href":"https:\/\/feuerwehr-holdorf.de\/index.php?rest_route=\/wp\/v2\/posts"}],"about":[{"href":"https:\/\/feuerwehr-holdorf.de\/index.php?rest_route=\/wp\/v2\/types\/post"}],"author":[{"embeddable":true,"href":"https:\/\/feuerwehr-holdorf.de\/index.php?rest_route=\/wp\/v2\/users\/2"}],"replies":[{"embeddable":true,"href":"https:\/\/feuerwehr-holdorf.de\/index.php?rest_route=%2Fwp%2Fv2%2Fcomments&post=7339"}],"version-history":[{"count":1,"href":"https:\/\/feuerwehr-holdorf.de\/index.php?rest_route=\/wp\/v2\/posts\/7339\/revisions"}],"predecessor-version":[{"id":7341,"href":"https:\/\/feuerwehr-holdorf.de\/index.php?rest_route=\/wp\/v2\/posts\/7339\/revisions\/7341"}],"wp:featuredmedia":[{"embeddable":true,"href":"https:\/\/feuerwehr-holdorf.de\/index.php?rest_route=\/wp\/v2\/media\/7340"}],"wp:attachment":[{"href":"https:\/\/feuerwehr-holdorf.de\/index.php?rest_route=%2Fwp%2Fv2%2Fmedia&parent=7339"}],"wp:term":[{"taxonomy":"category","embeddable":true,"href":"https:\/\/feuerwehr-holdorf.de\/index.php?rest_route=%2Fwp%2Fv2%2Fcategories&post=7339"},{"taxonomy":"post_tag","embeddable":true,"href":"https:\/\/feuerwehr-holdorf.de\/index.php?rest_route=%2Fwp%2Fv2%2Ftags&post=7339"}],"curies":[{"name":"wp","href":"https:\/\/api.w.org\/{rel}","templated":true}]}}