{"id":997,"date":"2016-08-29T18:58:34","date_gmt":"2016-08-29T16:58:34","guid":{"rendered":"http:\/\/feuerwehr-holdorf.de\/?p=997"},"modified":"2016-08-29T18:58:34","modified_gmt":"2016-08-29T16:58:34","slug":"uebung-der-kfb-in-der-grafschaft-bentheim-27-28-08-16","status":"publish","type":"post","link":"https:\/\/feuerwehr-holdorf.de\/?p=997","title":{"rendered":"\u00dcbung der KFB in der Grafschaft Bentheim \/ 27.-28.08.16"},"content":{"rendered":"<p>Vom 27.-28.08.16 fand die j\u00e4hrliche \u00dcbung der Kreisfeuerwehrbereitschaft des Landkreises Vechta in der Grafschaft Bentheim statt. Die Feuerwehren Holdorf und Fladderlohausen waren mit insgesamt drei Einsatzfahrzeugen an dieser \u00dcbung beteiligt. Auf dem \u00dcbungsgel\u00e4nde des THW Ortsverein Nordhorn in Hesepe galt es bei kr\u00e4ftezehrenden Temperaturen \u00fcber 30 Grad\u00a0insgesamt 13 Einsatzlagen abzuarbeiten, z.B. Wasserf\u00f6rderung \u00fcber lange Wegstrecken, Brandbek\u00e4mpfung in Bunkeranlage, Menschenrettung nach Geb\u00e4udeeinsturz, PKW unter Tankanh\u00e4nger, PKW unter Betonplatte, PKW am Berghang, entgleister Kesselwagen, Menschenrettung nach Versch\u00fcttung, H\u00f6henrettung, Niederschlagen von Chemikaliend\u00e4mpfen, usw.<\/p>\n<p><a href=\"http:\/\/www.kreisfeuerwehrverband-vechta.de\/?p=2962\" target=\"_blank\">Weitere Fotos und Infos hier auf der Seite des Kreisfeuerwehrverbandes Vechta!<\/a><\/p>\n<p><!-- default-view.php -->\n<div\n\tclass=\"ngg-galleryoverview default-view\n\t ngg-ajax-pagination-none\t\"\n\tid=\"ngg-gallery-324d76e5bbde53bce2aa50afd505352d-1\"\n\tdata-nextgen-gallery-id=\"30\"\n\tdata-gallery-id=\"30\"\n\t\tdata-gallery-name=\"KFB-\u00dcbung 27.08.-28.08.16\"\n\t>\n\n\t\t<!-- Thumbnails -->\n\t\t\t\t<div id=\"ngg-image-0\" class=\"ngg-gallery-thumbnail-box\n\t\t\t\t\t\t\t\t\t\t\t\"\n\t\t\t>\n\t\t\t\t\t\t<div class=\"ngg-gallery-thumbnail\">\n\t\t<a href=\"https:\/\/feuerwehr-holdorf.de\/wp-content\/gallery\/kfb-uebung-2016\/Bild_KFB_01.jpg?t=1704109415\"\n\t\t\ttitle=\"Sammeln der Z\u00fcge auf dem Rastplatz Neuenkirchen-V\u00f6rden, kurz vor Abfahrt zur \u00dcbung\"\n\t\t\tdata-src=\"https:\/\/feuerwehr-holdorf.de\/wp-content\/gallery\/kfb-uebung-2016\/Bild_KFB_01.jpg?t=1704109415\"\n\t\t\tdata-thumbnail=\"https:\/\/feuerwehr-holdorf.de\/wp-content\/gallery\/kfb-uebung-2016\/thumbs\/thumbs_Bild_KFB_01.jpg?t=1704109415\"\n\t\t\tdata-image-id=\"172\"\n\t\t\tdata-image-name=\"Bild_KFB_01.jpg\"\n\t\t\tdata-title=\"Bild_KFB_01\"\n\t\t\tdata-description=\"Sammeln der Z\u00fcge auf dem Rastplatz Neuenkirchen-V\u00f6rden, kurz vor Abfahrt zur \u00dcbung\"\n\t\t\tdata-image-slug=\"bild_kfb_01\"\n\t\t\t\t\t\t\t\t\t\t\t\t\t\t\t\t\t\t\t\tclass=\"ngg-fancybox\" rel=\"324d76e5bbde53bce2aa50afd505352d\">\n\t\t\t\t\t\t\t\t<img\n\t\t\t\t\ttitle=\"Bild_KFB_01\"\n\t\t\t\t\talt=\"Bild_KFB_01\"\n\t\t\t\t\tsrc=\"https:\/\/feuerwehr-holdorf.de\/wp-content\/gallery\/kfb-uebung-2016\/thumbs\/thumbs_Bild_KFB_01.jpg?t=1704109415\"\n\t\t\t\t\twidth=\"240\"\n\t\t\t\t\theight=\"160\"\n\t\t\t\t\tstyle=\"max-width:100%;\"\n\t\t\t\t\/>\n\t\t\t<\/a>\n\t\t<\/div>\n\t\t\t\t\t\t\t<\/div>\n\t\t\t\n\t\t\t\t<div id=\"ngg-image-1\" class=\"ngg-gallery-thumbnail-box\n\t\t\t\t\t\t\t\t\t\t\t\"\n\t\t\t>\n\t\t\t\t\t\t<div class=\"ngg-gallery-thumbnail\">\n\t\t<a href=\"https:\/\/feuerwehr-holdorf.de\/wp-content\/gallery\/kfb-uebung-2016\/Bild_KFB_02.jpg?t=1472570379\"\n\t\t\ttitle=\"Ankunft in Nordhorn\/Bad Bentheim, Eintreffen beim \u00dcbernachtungsgeb\u00e4ude\"\n\t\t\tdata-src=\"https:\/\/feuerwehr-holdorf.de\/wp-content\/gallery\/kfb-uebung-2016\/Bild_KFB_02.jpg?t=1472570379\"\n\t\t\tdata-thumbnail=\"https:\/\/feuerwehr-holdorf.de\/wp-content\/gallery\/kfb-uebung-2016\/thumbs\/thumbs_Bild_KFB_02.jpg?t=1472570379\"\n\t\t\tdata-image-id=\"176\"\n\t\t\tdata-image-name=\"Bild_KFB_02.jpg\"\n\t\t\tdata-title=\"Bild_KFB_02\"\n\t\t\tdata-description=\"Ankunft in Nordhorn\/Bad Bentheim, Eintreffen beim \u00dcbernachtungsgeb\u00e4ude\"\n\t\t\tdata-image-slug=\"bild_kfb_02\"\n\t\t\t\t\t\t\t\t\t\t\t\t\t\t\t\t\t\t\t\tclass=\"ngg-fancybox\" rel=\"324d76e5bbde53bce2aa50afd505352d\">\n\t\t\t\t\t\t\t\t<img\n\t\t\t\t\ttitle=\"Bild_KFB_02\"\n\t\t\t\t\talt=\"Bild_KFB_02\"\n\t\t\t\t\tsrc=\"https:\/\/feuerwehr-holdorf.de\/wp-content\/gallery\/kfb-uebung-2016\/thumbs\/thumbs_Bild_KFB_02.jpg?t=1472570379\"\n\t\t\t\t\twidth=\"240\"\n\t\t\t\t\theight=\"160\"\n\t\t\t\t\tstyle=\"max-width:100%;\"\n\t\t\t\t\/>\n\t\t\t<\/a>\n\t\t<\/div>\n\t\t\t\t\t\t\t<\/div>\n\t\t\t\n\t\t\t\t<div id=\"ngg-image-2\" class=\"ngg-gallery-thumbnail-box\n\t\t\t\t\t\t\t\t\t\t\t\"\n\t\t\t>\n\t\t\t\t\t\t<div class=\"ngg-gallery-thumbnail\">\n\t\t<a href=\"https:\/\/feuerwehr-holdorf.de\/wp-content\/gallery\/kfb-uebung-2016\/Bild_KFB_03.jpg?t=1472570378\"\n\t\t\ttitle=\"Gruppenbild der Holdorfer Kameraden\"\n\t\t\tdata-src=\"https:\/\/feuerwehr-holdorf.de\/wp-content\/gallery\/kfb-uebung-2016\/Bild_KFB_03.jpg?t=1472570378\"\n\t\t\tdata-thumbnail=\"https:\/\/feuerwehr-holdorf.de\/wp-content\/gallery\/kfb-uebung-2016\/thumbs\/thumbs_Bild_KFB_03.jpg?t=1472570378\"\n\t\t\tdata-image-id=\"174\"\n\t\t\tdata-image-name=\"Bild_KFB_03.jpg\"\n\t\t\tdata-title=\"Bild_KFB_03\"\n\t\t\tdata-description=\"Gruppenbild der Holdorfer Kameraden\"\n\t\t\tdata-image-slug=\"bild_kfb_03\"\n\t\t\t\t\t\t\t\t\t\t\t\t\t\t\t\t\t\t\t\tclass=\"ngg-fancybox\" rel=\"324d76e5bbde53bce2aa50afd505352d\">\n\t\t\t\t\t\t\t\t<img\n\t\t\t\t\ttitle=\"Bild_KFB_03\"\n\t\t\t\t\talt=\"Bild_KFB_03\"\n\t\t\t\t\tsrc=\"https:\/\/feuerwehr-holdorf.de\/wp-content\/gallery\/kfb-uebung-2016\/thumbs\/thumbs_Bild_KFB_03.jpg?t=1472570378\"\n\t\t\t\t\twidth=\"240\"\n\t\t\t\t\theight=\"160\"\n\t\t\t\t\tstyle=\"max-width:100%;\"\n\t\t\t\t\/>\n\t\t\t<\/a>\n\t\t<\/div>\n\t\t\t\t\t\t\t<\/div>\n\t\t\t\n\t\t\t\t<div id=\"ngg-image-3\" class=\"ngg-gallery-thumbnail-box\n\t\t\t\t\t\t\t\t\t\t\t\"\n\t\t\t>\n\t\t\t\t\t\t<div class=\"ngg-gallery-thumbnail\">\n\t\t<a href=\"https:\/\/feuerwehr-holdorf.de\/wp-content\/gallery\/kfb-uebung-2016\/Bild_KFB_04.jpg?t=1472570379\"\n\t\t\ttitle=\"Gruppenfoto des 3. Zuges\"\n\t\t\tdata-src=\"https:\/\/feuerwehr-holdorf.de\/wp-content\/gallery\/kfb-uebung-2016\/Bild_KFB_04.jpg?t=1472570379\"\n\t\t\tdata-thumbnail=\"https:\/\/feuerwehr-holdorf.de\/wp-content\/gallery\/kfb-uebung-2016\/thumbs\/thumbs_Bild_KFB_04.jpg?t=1472570379\"\n\t\t\tdata-image-id=\"175\"\n\t\t\tdata-image-name=\"Bild_KFB_04.jpg\"\n\t\t\tdata-title=\"Bild_KFB_04\"\n\t\t\tdata-description=\"Gruppenfoto des 3. Zuges\"\n\t\t\tdata-image-slug=\"bild_kfb_04\"\n\t\t\t\t\t\t\t\t\t\t\t\t\t\t\t\t\t\t\t\tclass=\"ngg-fancybox\" rel=\"324d76e5bbde53bce2aa50afd505352d\">\n\t\t\t\t\t\t\t\t<img\n\t\t\t\t\ttitle=\"Bild_KFB_04\"\n\t\t\t\t\talt=\"Bild_KFB_04\"\n\t\t\t\t\tsrc=\"https:\/\/feuerwehr-holdorf.de\/wp-content\/gallery\/kfb-uebung-2016\/thumbs\/thumbs_Bild_KFB_04.jpg?t=1472570379\"\n\t\t\t\t\twidth=\"240\"\n\t\t\t\t\theight=\"160\"\n\t\t\t\t\tstyle=\"max-width:100%;\"\n\t\t\t\t\/>\n\t\t\t<\/a>\n\t\t<\/div>\n\t\t\t\t\t\t\t<\/div>\n\t\t\t\n\t\n\t<br style=\"clear: both\" \/>\n\n\t\n\t\t<!-- Pagination -->\n\t\t<div class='ngg-clear'><\/div>\t<\/div>\n<\/p>\n","protected":false},"excerpt":{"rendered":"<p>Vom 27.-28.08.16 fand die j\u00e4hrliche \u00dcbung der Kreisfeuerwehrbereitschaft des Landkreises Vechta in der Grafschaft Bentheim statt. Die Feuerwehren Holdorf und Fladderlohausen waren mit insgesamt drei Einsatzfahrzeugen an dieser \u00dcbung beteiligt. Auf dem \u00dcbungsgel\u00e4nde des THW Ortsverein Nordhorn in Hesepe galt<\/p>\n","protected":false},"author":2,"featured_media":1011,"comment_status":"closed","ping_status":"closed","sticky":false,"template":"","format":"standard","meta":{"ngg_post_thumbnail":0,"footnotes":""},"categories":[52],"tags":[],"class_list":["post-997","post","type-post","status-publish","format-standard","has-post-thumbnail","hentry","category-einsaetze"],"_links":{"self":[{"href":"https:\/\/feuerwehr-holdorf.de\/index.php?rest_route=\/wp\/v2\/posts\/997","targetHints":{"allow":["GET"]}}],"collection":[{"href":"https:\/\/feuerwehr-holdorf.de\/index.php?rest_route=\/wp\/v2\/posts"}],"about":[{"href":"https:\/\/feuerwehr-holdorf.de\/index.php?rest_route=\/wp\/v2\/types\/post"}],"author":[{"embeddable":true,"href":"https:\/\/feuerwehr-holdorf.de\/index.php?rest_route=\/wp\/v2\/users\/2"}],"replies":[{"embeddable":true,"href":"https:\/\/feuerwehr-holdorf.de\/index.php?rest_route=%2Fwp%2Fv2%2Fcomments&post=997"}],"version-history":[{"count":1,"href":"https:\/\/feuerwehr-holdorf.de\/index.php?rest_route=\/wp\/v2\/posts\/997\/revisions"}],"predecessor-version":[{"id":1012,"href":"https:\/\/feuerwehr-holdorf.de\/index.php?rest_route=\/wp\/v2\/posts\/997\/revisions\/1012"}],"wp:featuredmedia":[{"embeddable":true,"href":"https:\/\/feuerwehr-holdorf.de\/index.php?rest_route=\/wp\/v2\/media\/1011"}],"wp:attachment":[{"href":"https:\/\/feuerwehr-holdorf.de\/index.php?rest_route=%2Fwp%2Fv2%2Fmedia&parent=997"}],"wp:term":[{"taxonomy":"category","embeddable":true,"href":"https:\/\/feuerwehr-holdorf.de\/index.php?rest_route=%2Fwp%2Fv2%2Fcategories&post=997"},{"taxonomy":"post_tag","embeddable":true,"href":"https:\/\/feuerwehr-holdorf.de\/index.php?rest_route=%2Fwp%2Fv2%2Ftags&post=997"}],"curies":[{"name":"wp","href":"https:\/\/api.w.org\/{rel}","templated":true}]}}